{"id":2437,"date":"2025-12-08T19:59:26","date_gmt":"2025-12-08T19:59:26","guid":{"rendered":"https:\/\/www.kurumsalperde.com.tr\/?p=2437"},"modified":"2025-12-08T19:59:49","modified_gmt":"2025-12-08T19:59:49","slug":"is-yeri-perde-secimi-nasil-yapilmali-dogru-perde-ile-verimli-ve-sik-mekanlar","status":"publish","type":"post","link":"https:\/\/www.kurumsalperde.com.tr\/en\/is-yeri-perde-secimi-nasil-yapilmali-dogru-perde-ile-verimli-ve-sik-mekanlar\/","title":{"rendered":"\u0130\u015f Yeri Perde Se\u00e7imi Nas\u0131l Yap\u0131lmal\u0131? Do\u011fru Perde ile Verimli ve \u015e\u0131k Mek\u00e2nlar"},"content":{"rendered":"<p>\u0130\u015f yerlerinde kullan\u0131lan perdeler yaln\u0131zca dekorasyon \u00fcr\u00fcn\u00fc de\u011fil; ayn\u0131 zamanda <strong data-start=\"299\" data-end=\"369\">\u0131\u015f\u0131k kontrol\u00fc, mahremiyet, enerji tasarrufu ve \u00e7al\u0131\u015fma verimlili\u011fi<\/strong> a\u00e7\u0131s\u0131ndan da b\u00fcy\u00fck \u00f6nem ta\u015f\u0131r. Ofis, ma\u011faza, klinik, restoran ve t\u00fcm ticari alanlarda do\u011fru perde se\u00e7imi, hem \u00e7al\u0131\u015fan konforunu art\u0131r\u0131r hem de kurumsal imaj\u0131 g\u00fc\u00e7lendirir. Peki, i\u015f yeri i\u00e7in perde se\u00e7erken nelere dikkat edilmelidir?<\/p>\n<p><img fetchpriority=\"high\" decoding=\"async\" class=\"alignnone size-medium wp-image-2246\" src=\"https:\/\/www.kurumsalperde.com.tr\/wp-content\/uploads\/2025\/12\/ChatGPT-Image-4-Ara-2025-13_45_43-400x400.png\" alt=\"\" width=\"400\" height=\"400\" title=\"\"><\/p>\n<h2 data-start=\"608\" data-end=\"659\">1. \u0130\u015f Yerinin Kullan\u0131m Amac\u0131na G\u00f6re Perde Se\u00e7imi<\/h2>\n<p data-start=\"661\" data-end=\"780\">Her i\u015f yerinin ihtiyac\u0131 farkl\u0131d\u0131r. Bu nedenle perde se\u00e7imi yap\u0131l\u0131rken \u00f6ncelikle mek\u00e2n\u0131n kullan\u0131m amac\u0131 belirlenmelidir.<\/p>\n<ul data-start=\"782\" data-end=\"1295\">\n<li data-start=\"782\" data-end=\"903\">\n<p data-start=\"784\" data-end=\"903\"><strong data-start=\"784\" data-end=\"796\">Ofisler:<\/strong> I\u015f\u0131k kontrol\u00fc ve yans\u0131ma \u00f6nleyici \u00f6zellikler \u00f6n plandad\u0131r. Stor, dikey stor ve screen perdeler idealdir.<\/p>\n<\/li>\n<li data-start=\"904\" data-end=\"1033\">\n<p data-start=\"906\" data-end=\"1033\"><strong data-start=\"906\" data-end=\"929\">Restoran &amp; Kafeler:<\/strong> Estetik ve dekoratif g\u00f6r\u00fcn\u00fcm \u00f6nemlidir. T\u00fcl-fon kombinasyonlar\u0131 ve ah\u015fap jaluziler s\u0131k tercih edilir.<\/p>\n<\/li>\n<li data-start=\"1034\" data-end=\"1170\">\n<p data-start=\"1036\" data-end=\"1170\"><strong data-start=\"1036\" data-end=\"1060\">Hastane &amp; Klinikler:<\/strong> Hijyen, kolay temizlenebilirlik ve mahremiyet \u00f6n plandad\u0131r. Antibakteriyel stor ve dikey perdeler uygundur.<\/p>\n<\/li>\n<li data-start=\"1171\" data-end=\"1295\">\n<p data-start=\"1173\" data-end=\"1295\"><strong data-start=\"1173\" data-end=\"1187\">Ma\u011fazalar:<\/strong> G\u00fcne\u015f kontrol\u00fc ve vitrin esteti\u011fi birlikte d\u00fc\u015f\u00fcn\u00fclmelidir. Zebra ve g\u00fcne\u015f k\u0131r\u0131c\u0131 stor sistemleri \u00f6ne \u00e7\u0131kar.<\/p>\n<\/li>\n<\/ul>\n<hr data-start=\"1297\" data-end=\"1300\" \/>\n<h2 data-start=\"1302\" data-end=\"1366\">2. I\u015f\u0131k Kontrol\u00fc ve G\u00fcn I\u015f\u0131\u011f\u0131ndan En Do\u011fru \u015eekilde Faydalanma<\/h2>\n<p data-start=\"1368\" data-end=\"1489\">Yanl\u0131\u015f perde se\u00e7imi, i\u015f yerlerinde <strong data-start=\"1403\" data-end=\"1461\">ekran yans\u0131malar\u0131na, g\u00f6z yorgunlu\u011funa ve verim kayb\u0131na<\/strong> neden olabilir. Bu nedenle:<\/p>\n<ul data-start=\"1491\" data-end=\"1692\">\n<li data-start=\"1491\" data-end=\"1553\">\n<p data-start=\"1493\" data-end=\"1553\">G\u00fcne\u015f alan cephelerde <strong data-start=\"1515\" data-end=\"1553\">blackout veya screen stor perdeler<\/strong><\/p>\n<\/li>\n<li data-start=\"1554\" data-end=\"1612\">\n<p data-start=\"1556\" data-end=\"1612\">Yo\u011fun g\u00fcn \u0131\u015f\u0131\u011f\u0131 alan ofislerde <strong data-start=\"1587\" data-end=\"1612\">dikey stor sistemleri<\/strong><\/p>\n<\/li>\n<li data-start=\"1613\" data-end=\"1692\">\n<p data-start=\"1615\" data-end=\"1692\">Kontroll\u00fc ayd\u0131nlatma istenen alanlarda <strong data-start=\"1654\" data-end=\"1672\">zebra perdeler<\/strong> tercih edilmelidir.<\/p>\n<\/li>\n<\/ul>\n<p data-start=\"1694\" data-end=\"1774\">Do\u011fru \u0131\u015f\u0131k kontrol\u00fc, hem \u00e7al\u0131\u015fan sa\u011fl\u0131\u011f\u0131n\u0131 korur hem de enerji tasarrufu sa\u011flar.<\/p>\n<hr data-start=\"1776\" data-end=\"1779\" \/>\n<h2 data-start=\"1781\" data-end=\"1823\">3. Dayan\u0131kl\u0131l\u0131k ve Uzun \u00d6m\u00fcrl\u00fc Kullan\u0131m<\/h2>\n<p data-start=\"1825\" data-end=\"1907\">\u0130\u015f yerlerinde perdeler ev ortam\u0131na g\u00f6re <strong data-start=\"1865\" data-end=\"1894\">\u00e7ok daha yo\u011fun kullan\u0131l\u0131r<\/strong>. Bu nedenle:<\/p>\n<ul data-start=\"1909\" data-end=\"2019\">\n<li data-start=\"1909\" data-end=\"1945\">\n<p data-start=\"1911\" data-end=\"1945\">Solmaya kar\u015f\u0131 dayan\u0131kl\u0131 kuma\u015flar<\/p>\n<\/li>\n<li data-start=\"1946\" data-end=\"1979\">\n<p data-start=\"1948\" data-end=\"1979\">Kaliteli mekanizma sistemleri<\/p>\n<\/li>\n<li data-start=\"1980\" data-end=\"2019\">\n<p data-start=\"1982\" data-end=\"2019\">S\u0131k a\u00e7\u0131l\u0131p kapanmaya uygun modeller<\/p>\n<\/li>\n<\/ul>\n<p data-start=\"2021\" data-end=\"2132\">tercih edilmelidir. \u00d6zellikle <strong data-start=\"2051\" data-end=\"2105\">al\u00fcminyum jaluzi ve a\u011f\u0131r hizmet tipi stor perdeler<\/strong>, yo\u011fun kullan\u0131ma uygundur.<\/p>\n<hr data-start=\"2134\" data-end=\"2137\" \/>\n<h2 data-start=\"2139\" data-end=\"2169\">4. Kolay Temizlik ve Hijyen<\/h2>\n<p data-start=\"2171\" data-end=\"2329\">Kurumsal alanlarda temizlik b\u00fcy\u00fck \u00f6nem ta\u015f\u0131r. Toz tutmayan, silinebilir ve y\u0131kanabilir perde sistemleri uzun vadede hem maliyet hem de zaman tasarrufu sa\u011flar.<\/p>\n<ul data-start=\"2331\" data-end=\"2537\">\n<li data-start=\"2331\" data-end=\"2399\">\n<p data-start=\"2333\" data-end=\"2399\"><strong data-start=\"2333\" data-end=\"2359\">Stor &amp; zebra perdeler:<\/strong> Nemli bez ile kolayca temizlenebilir.<\/p>\n<\/li>\n<li data-start=\"2400\" data-end=\"2464\">\n<p data-start=\"2402\" data-end=\"2464\"><strong data-start=\"2402\" data-end=\"2416\">Jaluziler:<\/strong> Lamel yap\u0131s\u0131 sayesinde pratik temizlik sunar.<\/p>\n<\/li>\n<li data-start=\"2465\" data-end=\"2537\">\n<p data-start=\"2467\" data-end=\"2537\"><strong data-start=\"2467\" data-end=\"2491\">T\u00fcl ve fon perdeler:<\/strong> Etiket talimat\u0131na g\u00f6re y\u0131kanabilir olmal\u0131d\u0131r.<\/p>\n<\/li>\n<\/ul>\n<hr data-start=\"2539\" data-end=\"2542\" \/>\n<h2 data-start=\"2544\" data-end=\"2580\">5. Kurumsal Kimli\u011fe Uygun Tasar\u0131m<\/h2>\n<p data-start=\"2582\" data-end=\"2707\">Perdeler, i\u015f yerinin genel atmosferini do\u011frudan etkiler. Marka renklerine, dekorasyon stiline ve i\u00e7 mimariye uyumlu perdeler:<\/p>\n<ul data-start=\"2709\" data-end=\"2824\">\n<li data-start=\"2709\" data-end=\"2746\">\n<p data-start=\"2711\" data-end=\"2746\">Profesyonel bir g\u00f6r\u00fcnt\u00fc olu\u015fturur<\/p>\n<\/li>\n<li data-start=\"2747\" data-end=\"2791\">\n<p data-start=\"2749\" data-end=\"2791\">M\u00fc\u015fteri \u00fczerinde g\u00fcven duygusu olu\u015fturur<\/p>\n<\/li>\n<li data-start=\"2792\" data-end=\"2824\">\n<p data-start=\"2794\" data-end=\"2824\">Kurumsal kimli\u011fi g\u00fc\u00e7lendirir<\/p>\n<\/li>\n<\/ul>\n<p data-start=\"2826\" data-end=\"2913\">Modern ofislerde genellikle <strong data-start=\"2854\" data-end=\"2892\">gri, antrasit, bej ve krem tonlar\u0131<\/strong> tercih edilmektedir.<\/p>\n<hr data-start=\"2915\" data-end=\"2918\" \/>\n<h2 data-start=\"2920\" data-end=\"2960\">6. Motorlu ve Ak\u0131ll\u0131 Perde Sistemleri<\/h2>\n<p data-start=\"2962\" data-end=\"3136\">B\u00fcy\u00fck cam y\u00fczeylere sahip ofis ve ticari alanlarda <strong data-start=\"3013\" data-end=\"3041\">motorlu perde sistemleri<\/strong> b\u00fcy\u00fck avantaj sa\u011flar. Uzaktan kumanda, zaman ayar\u0131 ve ak\u0131ll\u0131 otomasyon entegrasyonu sayesinde:<\/p>\n<ul data-start=\"3138\" data-end=\"3238\">\n<li data-start=\"3138\" data-end=\"3169\">\n<p data-start=\"3140\" data-end=\"3169\">Kullan\u0131m kolayl\u0131\u011f\u0131 sa\u011flan\u0131r<\/p>\n<\/li>\n<li data-start=\"3170\" data-end=\"3189\">\n<p data-start=\"3172\" data-end=\"3189\">Perde \u00f6mr\u00fc uzar<\/p>\n<\/li>\n<li data-start=\"3190\" data-end=\"3238\">\n<p data-start=\"3192\" data-end=\"3238\">Profesyonel bir teknoloji alg\u0131s\u0131 olu\u015fturulur<\/p>\n<\/li>\n<\/ul>\n<hr data-start=\"3240\" data-end=\"3243\" \/>\n<h2 data-start=\"3245\" data-end=\"3283\">Sonu\u00e7: Do\u011fru Perde, Do\u011fru \u0130\u015f Ortam\u0131<\/h2>\n<p data-start=\"3285\" data-end=\"3493\">\u0130\u015f yeri perde se\u00e7imi; estetik, fonksiyon, dayan\u0131kl\u0131l\u0131k ve hijyen kriterleri birlikte de\u011ferlendirilerek yap\u0131lmal\u0131d\u0131r. Yanl\u0131\u015f se\u00e7ilen perdeler hem g\u00f6rsel uyumu bozar hem de uzun vadede ekstra maliyet olu\u015fturur.<\/p>\n<p data-start=\"3495\" data-end=\"3639\">KurumsalPerde.com olarak;<br data-start=\"3520\" data-end=\"3523\" \/>&#x2714; \u0130\u015f yerinize \u00f6zel \u00f6l\u00e7\u00fc al\u0131m\u0131<br data-start=\"3552\" data-end=\"3555\" \/>&#x2714; Projelendirme<br data-start=\"3570\" data-end=\"3573\" \/>&#x2714; \u00dcretim ve profesyonel montaj<br data-start=\"3603\" data-end=\"3606\" \/>&#x2714; Uzun \u00f6m\u00fcrl\u00fc kurumsal \u00e7\u00f6z\u00fcmler<\/p>\n<p data-start=\"3641\" data-end=\"3703\">ile i\u015fletmeniz i\u00e7in <strong data-start=\"3661\" data-end=\"3692\">en do\u011fru perde sistemlerini<\/strong> sunuyoruz.<\/p>","protected":false},"excerpt":{"rendered":"<p>\u0130\u015f yerlerinde kullan\u0131lan perdeler yaln\u0131zca dekorasyon \u00fcr\u00fcn\u00fc de\u011fil; ayn\u0131 zamanda \u0131\u015f\u0131k kontrol\u00fc, mahremiyet, enerji tasarrufu ve \u00e7al\u0131\u015fma verimlili\u011fi a\u00e7\u0131s\u0131ndan da b\u00fcy\u00fck \u00f6nem ta\u015f\u0131r. Ofis, ma\u011faza, klinik, restoran ve t\u00fcm ticari alanlarda do\u011fru perde se\u00e7imi, hem \u00e7al\u0131\u015fan konforunu art\u0131r\u0131r hem de kurumsal imaj\u0131 g\u00fc\u00e7lendirir. Peki, i\u015f yeri i\u00e7in perde se\u00e7erken nelere dikkat edilmelidir? 1. \u0130\u015f Yerinin [&hellip;]<\/p>\n","protected":false},"author":1,"featured_media":0,"comment_status":"open","ping_status":"open","sticky":false,"template":"","format":"standard","meta":{"ocean_post_layout":"","ocean_both_sidebars_style":"","ocean_both_sidebars_content_width":0,"ocean_both_sidebars_sidebars_width":0,"ocean_sidebar":"0","ocean_second_sidebar":"0","ocean_disable_margins":"enable","ocean_add_body_class":"","ocean_shortcode_before_top_bar":"","ocean_shortcode_after_top_bar":"","ocean_shortcode_before_header":"","ocean_shortcode_after_header":"","ocean_has_shortcode":"","ocean_shortcode_after_title":"","ocean_shortcode_before_footer_widgets":"","ocean_shortcode_after_footer_widgets":"","ocean_shortcode_before_footer_bottom":"","ocean_shortcode_after_footer_bottom":"","ocean_display_top_bar":"default","ocean_display_header":"default","ocean_header_style":"","ocean_center_header_left_menu":"0","ocean_custom_header_template":"0","ocean_custom_logo":0,"ocean_custom_retina_logo":0,"ocean_custom_logo_max_width":0,"ocean_custom_logo_tablet_max_width":0,"ocean_custom_logo_mobile_max_width":0,"ocean_custom_logo_max_height":0,"ocean_custom_logo_tablet_max_height":0,"ocean_custom_logo_mobile_max_height":0,"ocean_header_custom_menu":"0","ocean_menu_typo_font_family":"0","ocean_menu_typo_font_subset":"","ocean_menu_typo_font_size":0,"ocean_menu_typo_font_size_tablet":0,"ocean_menu_typo_font_size_mobile":0,"ocean_menu_typo_font_size_unit":"px","ocean_menu_typo_font_weight":"","ocean_menu_typo_font_weight_tablet":"","ocean_menu_typo_font_weight_mobile":"","ocean_menu_typo_transform":"","ocean_menu_typo_transform_tablet":"","ocean_menu_typo_transform_mobile":"","ocean_menu_typo_line_height":0,"ocean_menu_typo_line_height_tablet":0,"ocean_menu_typo_line_height_mobile":0,"ocean_menu_typo_line_height_unit":"","ocean_menu_typo_spacing":0,"ocean_menu_typo_spacing_tablet":0,"ocean_menu_typo_spacing_mobile":0,"ocean_menu_typo_spacing_unit":"","ocean_menu_link_color":"","ocean_menu_link_color_hover":"","ocean_menu_link_color_active":"","ocean_menu_link_background":"","ocean_menu_link_hover_background":"","ocean_menu_link_active_background":"","ocean_menu_social_links_bg":"","ocean_menu_social_hover_links_bg":"","ocean_menu_social_links_color":"","ocean_menu_social_hover_links_color":"","ocean_disable_title":"default","ocean_disable_heading":"default","ocean_post_title":"","ocean_post_subheading":"","ocean_post_title_style":"","ocean_post_title_background_color":"","ocean_post_title_background":0,"ocean_post_title_bg_image_position":"","ocean_post_title_bg_image_attachment":"","ocean_post_title_bg_image_repeat":"","ocean_post_title_bg_image_size":"","ocean_post_title_height":0,"ocean_post_title_bg_overlay":0.5,"ocean_post_title_bg_overlay_color":"","ocean_disable_breadcrumbs":"default","ocean_breadcrumbs_color":"","ocean_breadcrumbs_separator_color":"","ocean_breadcrumbs_links_color":"","ocean_breadcrumbs_links_hover_color":"","ocean_display_footer_widgets":"default","ocean_display_footer_bottom":"default","ocean_custom_footer_template":"0","ocean_post_oembed":"","ocean_post_self_hosted_media":"","ocean_post_video_embed":"","ocean_link_format":"","ocean_link_format_target":"self","ocean_quote_format":"","ocean_quote_format_link":"post","ocean_gallery_link_images":"on","ocean_gallery_id":[],"footnotes":""},"categories":[100,96,98,101,97,102,99],"tags":[116,115,114],"class_list":["post-2437","post","type-post","status-publish","format-standard","hentry","category-motorlu-ve-akilli-sistemler","category-perde-secim-rehberi","category-proje-yonetimi-uygulama","category-sektorel-cozumler","category-teknik-bilgi-urun-karsilastirma","category-temizlik-bakim-rehberi","category-trendler-tasarim-onerileri","tag-isyeri-perdeler","tag-ofis-perdeleri","tag-perde-secim","entry"],"_links":{"self":[{"href":"https:\/\/www.kurumsalperde.com.tr\/en\/wp-json\/wp\/v2\/posts\/2437","targetHints":{"allow":["GET"]}}],"collection":[{"href":"https:\/\/www.kurumsalperde.com.tr\/en\/wp-json\/wp\/v2\/posts"}],"about":[{"href":"https:\/\/www.kurumsalperde.com.tr\/en\/wp-json\/wp\/v2\/types\/post"}],"author":[{"embeddable":true,"href":"https:\/\/www.kurumsalperde.com.tr\/en\/wp-json\/wp\/v2\/users\/1"}],"replies":[{"embeddable":true,"href":"https:\/\/www.kurumsalperde.com.tr\/en\/wp-json\/wp\/v2\/comments?post=2437"}],"version-history":[{"count":0,"href":"https:\/\/www.kurumsalperde.com.tr\/en\/wp-json\/wp\/v2\/posts\/2437\/revisions"}],"wp:attachment":[{"href":"https:\/\/www.kurumsalperde.com.tr\/en\/wp-json\/wp\/v2\/media?parent=2437"}],"wp:term":[{"taxonomy":"category","embeddable":true,"href":"https:\/\/www.kurumsalperde.com.tr\/en\/wp-json\/wp\/v2\/categories?post=2437"},{"taxonomy":"post_tag","embeddable":true,"href":"https:\/\/www.kurumsalperde.com.tr\/en\/wp-json\/wp\/v2\/tags?post=2437"}],"curies":[{"name":"wp","href":"https:\/\/api.w.org\/{rel}","templated":true}]}}