{"id":2899,"date":"2025-12-21T15:05:12","date_gmt":"2025-12-21T15:05:12","guid":{"rendered":"https:\/\/www.kurumsalperde.com.tr\/?p=2899"},"modified":"2025-12-21T15:05:12","modified_gmt":"2025-12-21T15:05:12","slug":"is-yerleri-ve-ofisler-icin-blackout-perdelerin-onemi","status":"publish","type":"post","link":"https:\/\/www.kurumsalperde.com.tr\/en\/is-yerleri-ve-ofisler-icin-blackout-perdelerin-onemi\/","title":{"rendered":"\u0130\u015f Yerleri ve Ofisler \u0130\u00e7in Blackout Perdelerin \u00d6nemi"},"content":{"rendered":"<p data-start=\"225\" data-end=\"486\">G\u00fcn\u00fcm\u00fczde ofis ve i\u015f yeri tasar\u0131mlar\u0131nda yaln\u0131zca estetik de\u011fil, <strong data-start=\"290\" data-end=\"341\">\u00e7al\u0131\u015fma konforu, verimlilik ve enerji tasarrufu<\/strong> da b\u00fcy\u00fck \u00f6nem ta\u015f\u0131maktad\u0131r. Bu noktada blackout (karartma) perdeler, modern \u00e7al\u0131\u015fma alanlar\u0131 i\u00e7in vazge\u00e7ilmez perde \u00e7\u00f6z\u00fcmleri aras\u0131nda yer al\u0131r.<\/p>\n<h3 data-start=\"488\" data-end=\"528\">I\u015f\u0131k Kontrol\u00fc ve \u00c7al\u0131\u015fma Verimlili\u011fi<\/h3>\n<p data-start=\"530\" data-end=\"872\">Ofis ortamlar\u0131nda kontrols\u00fcz g\u00fcn \u0131\u015f\u0131\u011f\u0131, bilgisayar ekranlar\u0131nda yans\u0131ma, g\u00f6z yorgunlu\u011fu ve dikkat da\u011f\u0131n\u0131kl\u0131\u011f\u0131na neden olabilir. Blackout perdeler, <strong data-start=\"677\" data-end=\"739\">g\u00fcne\u015f \u0131\u015f\u0131\u011f\u0131n\u0131 tamamen veya istenilen seviyede engelleyerek<\/strong>, \u00e7al\u0131\u015fma alanlar\u0131nda ideal ayd\u0131nlatma ko\u015fullar\u0131 olu\u015fturur. Bu sayede \u00e7al\u0131\u015fanlar\u0131n odaklanma s\u00fcresi artar ve i\u015f verimlili\u011fi y\u00fckselir.<\/p>\n<p data-start=\"530\" data-end=\"872\"><img fetchpriority=\"high\" decoding=\"async\" class=\"alignnone size-medium wp-image-2777\" src=\"https:\/\/www.kurumsalperde.com.tr\/wp-content\/uploads\/2025\/12\/blackout_karatma_stor_perde_kurumsal_ofis_isyeri_04-400x400.png\" alt=\"\" width=\"400\" height=\"400\" title=\"\" srcset=\"https:\/\/www.kurumsalperde.com.tr\/wp-content\/uploads\/2025\/12\/blackout_karatma_stor_perde_kurumsal_ofis_isyeri_04-400x400.png 400w, https:\/\/www.kurumsalperde.com.tr\/wp-content\/uploads\/2025\/12\/blackout_karatma_stor_perde_kurumsal_ofis_isyeri_04-800x800.png 800w, https:\/\/www.kurumsalperde.com.tr\/wp-content\/uploads\/2025\/12\/blackout_karatma_stor_perde_kurumsal_ofis_isyeri_04-280x280.png 280w, https:\/\/www.kurumsalperde.com.tr\/wp-content\/uploads\/2025\/12\/blackout_karatma_stor_perde_kurumsal_ofis_isyeri_04-768x768.png 768w, https:\/\/www.kurumsalperde.com.tr\/wp-content\/uploads\/2025\/12\/blackout_karatma_stor_perde_kurumsal_ofis_isyeri_04-12x12.png 12w, https:\/\/www.kurumsalperde.com.tr\/wp-content\/uploads\/2025\/12\/blackout_karatma_stor_perde_kurumsal_ofis_isyeri_04-600x600.png 600w, https:\/\/www.kurumsalperde.com.tr\/wp-content\/uploads\/2025\/12\/blackout_karatma_stor_perde_kurumsal_ofis_isyeri_04.png 1024w\" sizes=\"(max-width: 400px) 100vw, 400px\" \/><\/p>\n<h3 data-start=\"874\" data-end=\"925\">Toplant\u0131 ve Sunum Alanlar\u0131nda Profesyonel \u00c7\u00f6z\u00fcm<\/h3>\n<p data-start=\"927\" data-end=\"1219\">Toplant\u0131 odalar\u0131, sunum salonlar\u0131 ve e\u011fitim alanlar\u0131nda g\u00f6r\u00fcnt\u00fc kalitesi b\u00fcy\u00fck \u00f6nem ta\u015f\u0131r. Projeksiyon ve ekran kullan\u0131m\u0131 s\u0131ras\u0131nda ortam\u0131n karart\u0131lmas\u0131 gerekir. Blackout perdeler, <strong data-start=\"1108\" data-end=\"1147\">tek hamlede tam karartma sa\u011flayarak<\/strong> sunumlar\u0131n daha net ve profesyonel bir \u015fekilde yap\u0131lmas\u0131na imk\u00e2n tan\u0131r.<\/p>\n<h3 data-start=\"1221\" data-end=\"1256\">Mahremiyet ve Kurumsal G\u00fcvenlik<\/h3>\n<p data-start=\"1258\" data-end=\"1524\">\u0130\u015f yerlerinde mahremiyet, hem \u00e7al\u0131\u015fanlar hem de y\u00f6neticiler i\u00e7in kritik bir konudur. \u00d6zellikle caddeye bakan ofisler, y\u00f6netici odalar\u0131 ve toplant\u0131 alanlar\u0131nda blackout perdeler, <strong data-start=\"1436\" data-end=\"1482\">d\u0131\u015far\u0131dan g\u00f6r\u00fcn\u00fcrl\u00fc\u011f\u00fc tamamen engelleyerek<\/strong> g\u00fcvenli ve \u00f6zel bir \u00e7al\u0131\u015fma ortam\u0131 sunar.<\/p>\n<h3 data-start=\"1526\" data-end=\"1562\">Is\u0131 Yal\u0131t\u0131m\u0131 ve Enerji Tasarrufu<\/h3>\n<p data-start=\"1564\" data-end=\"1870\">Blackout perdelerin en \u00f6nemli avantajlar\u0131ndan biri de <strong data-start=\"1618\" data-end=\"1647\">\u0131s\u0131 yal\u0131t\u0131m\u0131 sa\u011flamas\u0131d\u0131r<\/strong>. Yaz aylar\u0131nda g\u00fcne\u015f \u0131s\u0131s\u0131n\u0131 keserek ofisin daha serin kalmas\u0131na yard\u0131mc\u0131 olurken, k\u0131\u015f aylar\u0131nda \u0131s\u0131 kayb\u0131n\u0131 azalt\u0131r. Bu sayede klima ve \u0131s\u0131tma sistemlerinin daha verimli \u00e7al\u0131\u015fmas\u0131 sa\u011flan\u0131r ve <strong data-start=\"1841\" data-end=\"1869\">enerji maliyetleri d\u00fc\u015fer<\/strong>.<\/p>\n<h3 data-start=\"1872\" data-end=\"1916\">Kurumsal Mek\u00e2nlara Uyumlu Modern Tasar\u0131m<\/h3>\n<p data-start=\"1918\" data-end=\"2160\">Blackout perdeler, sade ve modern tasar\u0131mlar\u0131 sayesinde ofis dekorasyonuna kolayca uyum sa\u011flar. Farkl\u0131 renk ve \u00f6l\u00e7\u00fc se\u00e7enekleri ile <strong data-start=\"2050\" data-end=\"2076\">kurumsal kimli\u011fe uygun<\/strong> \u00e7\u00f6z\u00fcmler sunar. \u00d6zel \u00f6l\u00e7\u00fc \u00fcretim imk\u00e2n\u0131 sayesinde her ofis alan\u0131na tam uyum sa\u011flar.<\/p>\n<h3 data-start=\"2162\" data-end=\"2195\">Uzun \u00d6m\u00fcrl\u00fc ve Kolay Kullan\u0131m<\/h3>\n<p data-start=\"2197\" data-end=\"2401\">Dayan\u0131kl\u0131 mekanizma yap\u0131s\u0131 ve kaliteli kuma\u015flar\u0131 sayesinde blackout perdeler, yo\u011fun ofis kullan\u0131m\u0131na uygundur. Kolay temizlenebilir y\u00fczeyi ve pratik kullan\u0131m\u0131 ile <strong data-start=\"2360\" data-end=\"2394\">uzun vadede ekonomik bir \u00e7\u00f6z\u00fcm<\/strong> sunar.<\/p>\n<p data-start=\"2197\" data-end=\"2401\"><img decoding=\"async\" class=\"alignnone size-medium wp-image-2779\" src=\"https:\/\/www.kurumsalperde.com.tr\/wp-content\/uploads\/2025\/12\/blackout_karatma_stor_perde_kurumsal_ofis_isyeri_06-400x400.jpg\" alt=\"\" width=\"400\" height=\"400\" title=\"\" srcset=\"https:\/\/www.kurumsalperde.com.tr\/wp-content\/uploads\/2025\/12\/blackout_karatma_stor_perde_kurumsal_ofis_isyeri_06-400x400.jpg 400w, https:\/\/www.kurumsalperde.com.tr\/wp-content\/uploads\/2025\/12\/blackout_karatma_stor_perde_kurumsal_ofis_isyeri_06-800x800.jpg 800w, https:\/\/www.kurumsalperde.com.tr\/wp-content\/uploads\/2025\/12\/blackout_karatma_stor_perde_kurumsal_ofis_isyeri_06-280x280.jpg 280w, https:\/\/www.kurumsalperde.com.tr\/wp-content\/uploads\/2025\/12\/blackout_karatma_stor_perde_kurumsal_ofis_isyeri_06-768x768.jpg 768w, https:\/\/www.kurumsalperde.com.tr\/wp-content\/uploads\/2025\/12\/blackout_karatma_stor_perde_kurumsal_ofis_isyeri_06-12x12.jpg 12w, https:\/\/www.kurumsalperde.com.tr\/wp-content\/uploads\/2025\/12\/blackout_karatma_stor_perde_kurumsal_ofis_isyeri_06-600x600.jpg 600w, https:\/\/www.kurumsalperde.com.tr\/wp-content\/uploads\/2025\/12\/blackout_karatma_stor_perde_kurumsal_ofis_isyeri_06.jpg 1024w\" sizes=\"(max-width: 400px) 100vw, 400px\" \/><\/p>\n<h3 data-start=\"2408\" data-end=\"2417\">Sonu\u00e7<\/h3>\n<p data-start=\"2419\" data-end=\"2658\">\u0130\u015f yerleri ve ofisler i\u00e7in blackout perdeler; <strong data-start=\"2465\" data-end=\"2535\">\u0131\u015f\u0131k kontrol\u00fc, mahremiyet, enerji tasarrufu ve profesyonel g\u00f6r\u00fcn\u00fcm<\/strong> a\u00e7\u0131s\u0131ndan b\u00fcy\u00fck avantaj sa\u011flar. Do\u011fru perde se\u00e7imi, yaln\u0131zca dekorasyonu de\u011fil, \u00e7al\u0131\u015fma performans\u0131n\u0131 da do\u011frudan etkiler.<\/p>\n<p data-start=\"2660\" data-end=\"2814\"><strong data-start=\"2660\" data-end=\"2681\">kurumsalperde.com<\/strong> olarak, ofis ve i\u015f yerlerine \u00f6zel \u00f6l\u00e7\u00fc ve kaliteli blackout perde \u00e7\u00f6z\u00fcmleriyle profesyonel mek\u00e2nlar olu\u015fturman\u0131za yard\u0131mc\u0131 oluyoruz.<\/p>","protected":false},"excerpt":{"rendered":"<p>G\u00fcn\u00fcm\u00fczde ofis ve i\u015f yeri tasar\u0131mlar\u0131nda yaln\u0131zca estetik de\u011fil, \u00e7al\u0131\u015fma konforu, verimlilik ve enerji tasarrufu da b\u00fcy\u00fck \u00f6nem ta\u015f\u0131maktad\u0131r. Bu noktada blackout (karartma) perdeler, modern \u00e7al\u0131\u015fma alanlar\u0131 i\u00e7in vazge\u00e7ilmez perde \u00e7\u00f6z\u00fcmleri aras\u0131nda yer al\u0131r. I\u015f\u0131k Kontrol\u00fc ve \u00c7al\u0131\u015fma Verimlili\u011fi Ofis ortamlar\u0131nda kontrols\u00fcz g\u00fcn \u0131\u015f\u0131\u011f\u0131, bilgisayar ekranlar\u0131nda yans\u0131ma, g\u00f6z yorgunlu\u011fu ve dikkat da\u011f\u0131n\u0131kl\u0131\u011f\u0131na neden olabilir. Blackout [&hellip;]<\/p>\n","protected":false},"author":1,"featured_media":2776,"comment_status":"open","ping_status":"open","sticky":false,"template":"","format":"standard","meta":{"ocean_post_layout":"","ocean_both_sidebars_style":"","ocean_both_sidebars_content_width":0,"ocean_both_sidebars_sidebars_width":0,"ocean_sidebar":"0","ocean_second_sidebar":"0","ocean_disable_margins":"enable","ocean_add_body_class":"","ocean_shortcode_before_top_bar":"","ocean_shortcode_after_top_bar":"","ocean_shortcode_before_header":"","ocean_shortcode_after_header":"","ocean_has_shortcode":"","ocean_shortcode_after_title":"","ocean_shortcode_before_footer_widgets":"","ocean_shortcode_after_footer_widgets":"","ocean_shortcode_before_footer_bottom":"","ocean_shortcode_after_footer_bottom":"","ocean_display_top_bar":"default","ocean_display_header":"default","ocean_header_style":"","ocean_center_header_left_menu":"0","ocean_custom_header_template":"0","ocean_custom_logo":0,"ocean_custom_retina_logo":0,"ocean_custom_logo_max_width":0,"ocean_custom_logo_tablet_max_width":0,"ocean_custom_logo_mobile_max_width":0,"ocean_custom_logo_max_height":0,"ocean_custom_logo_tablet_max_height":0,"ocean_custom_logo_mobile_max_height":0,"ocean_header_custom_menu":"0","ocean_menu_typo_font_family":"0","ocean_menu_typo_font_subset":"","ocean_menu_typo_font_size":0,"ocean_menu_typo_font_size_tablet":0,"ocean_menu_typo_font_size_mobile":0,"ocean_menu_typo_font_size_unit":"px","ocean_menu_typo_font_weight":"","ocean_menu_typo_font_weight_tablet":"","ocean_menu_typo_font_weight_mobile":"","ocean_menu_typo_transform":"","ocean_menu_typo_transform_tablet":"","ocean_menu_typo_transform_mobile":"","ocean_menu_typo_line_height":0,"ocean_menu_typo_line_height_tablet":0,"ocean_menu_typo_line_height_mobile":0,"ocean_menu_typo_line_height_unit":"","ocean_menu_typo_spacing":0,"ocean_menu_typo_spacing_tablet":0,"ocean_menu_typo_spacing_mobile":0,"ocean_menu_typo_spacing_unit":"","ocean_menu_link_color":"","ocean_menu_link_color_hover":"","ocean_menu_link_color_active":"","ocean_menu_link_background":"","ocean_menu_link_hover_background":"","ocean_menu_link_active_background":"","ocean_menu_social_links_bg":"","ocean_menu_social_hover_links_bg":"","ocean_menu_social_links_color":"","ocean_menu_social_hover_links_color":"","ocean_disable_title":"default","ocean_disable_heading":"default","ocean_post_title":"","ocean_post_subheading":"","ocean_post_title_style":"","ocean_post_title_background_color":"","ocean_post_title_background":0,"ocean_post_title_bg_image_position":"","ocean_post_title_bg_image_attachment":"","ocean_post_title_bg_image_repeat":"","ocean_post_title_bg_image_size":"","ocean_post_title_height":0,"ocean_post_title_bg_overlay":0.5,"ocean_post_title_bg_overlay_color":"","ocean_disable_breadcrumbs":"default","ocean_breadcrumbs_color":"","ocean_breadcrumbs_separator_color":"","ocean_breadcrumbs_links_color":"","ocean_breadcrumbs_links_hover_color":"","ocean_display_footer_widgets":"default","ocean_display_footer_bottom":"default","ocean_custom_footer_template":"0","ocean_post_oembed":"","ocean_post_self_hosted_media":"","ocean_post_video_embed":"","ocean_link_format":"","ocean_link_format_target":"self","ocean_quote_format":"","ocean_quote_format_link":"post","ocean_gallery_link_images":"on","ocean_gallery_id":[],"footnotes":""},"categories":[101,96,98],"tags":[168,116,115],"class_list":["post-2899","post","type-post","status-publish","format-standard","has-post-thumbnail","hentry","category-sektorel-cozumler","category-perde-secim-rehberi","category-proje-yonetimi-uygulama","tag-blackout-stor-perde","tag-isyeri-perdeler","tag-ofis-perdeleri","entry","has-media"],"_links":{"self":[{"href":"https:\/\/www.kurumsalperde.com.tr\/en\/wp-json\/wp\/v2\/posts\/2899","targetHints":{"allow":["GET"]}}],"collection":[{"href":"https:\/\/www.kurumsalperde.com.tr\/en\/wp-json\/wp\/v2\/posts"}],"about":[{"href":"https:\/\/www.kurumsalperde.com.tr\/en\/wp-json\/wp\/v2\/types\/post"}],"author":[{"embeddable":true,"href":"https:\/\/www.kurumsalperde.com.tr\/en\/wp-json\/wp\/v2\/users\/1"}],"replies":[{"embeddable":true,"href":"https:\/\/www.kurumsalperde.com.tr\/en\/wp-json\/wp\/v2\/comments?post=2899"}],"version-history":[{"count":0,"href":"https:\/\/www.kurumsalperde.com.tr\/en\/wp-json\/wp\/v2\/posts\/2899\/revisions"}],"wp:featuredmedia":[{"embeddable":true,"href":"https:\/\/www.kurumsalperde.com.tr\/en\/wp-json\/wp\/v2\/media\/2776"}],"wp:attachment":[{"href":"https:\/\/www.kurumsalperde.com.tr\/en\/wp-json\/wp\/v2\/media?parent=2899"}],"wp:term":[{"taxonomy":"category","embeddable":true,"href":"https:\/\/www.kurumsalperde.com.tr\/en\/wp-json\/wp\/v2\/categories?post=2899"},{"taxonomy":"post_tag","embeddable":true,"href":"https:\/\/www.kurumsalperde.com.tr\/en\/wp-json\/wp\/v2\/tags?post=2899"}],"curies":[{"name":"wp","href":"https:\/\/api.w.org\/{rel}","templated":true}]}}