{"id":3487,"date":"2026-01-13T09:00:31","date_gmt":"2026-01-13T09:00:31","guid":{"rendered":"https:\/\/www.kurumsalperde.com.tr\/?p=3487"},"modified":"2026-01-07T15:26:53","modified_gmt":"2026-01-07T15:26:53","slug":"2026-perde-trendleri-ev-ve-ofis-icin-modern-cozumler","status":"publish","type":"post","link":"https:\/\/www.kurumsalperde.com.tr\/en\/2026-perde-trendleri-ev-ve-ofis-icin-modern-cozumler\/","title":{"rendered":"2026 Perde Trendleri \u2013 Ev ve Ofis \u0130\u00e7in Modern \u00c7\u00f6z\u00fcmler"},"content":{"rendered":"<p data-start=\"3878\" data-end=\"3963\">2026 y\u0131l\u0131nda perde sekt\u00f6r\u00fcnde <strong data-start=\"3908\" data-end=\"3952\">minimalizm, otomasyon ve teknik kuma\u015flar<\/strong> \u00f6n planda.<\/p>\n<h2 data-start=\"3965\" data-end=\"3996\">2026\u2019n\u0131n \u00d6ne \u00c7\u0131kan Trendleri<\/h2>\n<ul data-start=\"3998\" data-end=\"4183\">\n<li data-start=\"3998\" data-end=\"4031\">\n<p data-start=\"4000\" data-end=\"4031\">&#x1f916; Motorlu ve ak\u0131ll\u0131 perdeler<\/p>\n<\/li>\n<li data-start=\"4032\" data-end=\"4070\">\n<p data-start=\"4034\" data-end=\"4070\">&#x1fa9f; Screen ve g\u00fcne\u015f k\u0131r\u0131c\u0131 kuma\u015flar<\/p>\n<\/li>\n<li data-start=\"4071\" data-end=\"4111\">\n<p data-start=\"4073\" data-end=\"4111\">&#x1f3a8; Sade renkler (gri, antrasit, bej)<\/p>\n<\/li>\n<li data-start=\"4112\" data-end=\"4144\">\n<p data-start=\"4114\" data-end=\"4144\">&#x1f3e2; Ofislerde teknik perdeler<\/p>\n<\/li>\n<li data-start=\"4145\" data-end=\"4183\">\n<p data-start=\"4147\" data-end=\"4183\">&#x1f3e1; Evlerde zebra ve modern storlar<\/p>\n<\/li>\n<\/ul>\n<p data-start=\"4185\" data-end=\"4265\">Kurumsal projelerde art\u0131k <strong data-start=\"4211\" data-end=\"4246\">\u015f\u0131k g\u00f6r\u00fcn\u00fcm + teknik performans<\/strong> birlikte aran\u0131yor.<\/p>\n<p><img fetchpriority=\"high\" decoding=\"async\" class=\"size-medium wp-image-2734\" src=\"https:\/\/www.kurumsalperde.com.tr\/wp-content\/uploads\/2025\/12\/dikey_perde_stor_kurumsal_ofis_05-400x400.jpg\" alt=\"kurumsal perde \u00fcr\u00fcnleri ve profesyonel perde sistemleri\" width=\"400\" height=\"400\" title=\"\" srcset=\"https:\/\/www.kurumsalperde.com.tr\/wp-content\/uploads\/2025\/12\/dikey_perde_stor_kurumsal_ofis_05-400x400.jpg 400w, https:\/\/www.kurumsalperde.com.tr\/wp-content\/uploads\/2025\/12\/dikey_perde_stor_kurumsal_ofis_05-800x800.jpg 800w, https:\/\/www.kurumsalperde.com.tr\/wp-content\/uploads\/2025\/12\/dikey_perde_stor_kurumsal_ofis_05-280x280.jpg 280w, https:\/\/www.kurumsalperde.com.tr\/wp-content\/uploads\/2025\/12\/dikey_perde_stor_kurumsal_ofis_05-768x768.jpg 768w, https:\/\/www.kurumsalperde.com.tr\/wp-content\/uploads\/2025\/12\/dikey_perde_stor_kurumsal_ofis_05-12x12.jpg 12w, https:\/\/www.kurumsalperde.com.tr\/wp-content\/uploads\/2025\/12\/dikey_perde_stor_kurumsal_ofis_05-600x600.jpg 600w, https:\/\/www.kurumsalperde.com.tr\/wp-content\/uploads\/2025\/12\/dikey_perde_stor_kurumsal_ofis_05.jpg 1080w\" sizes=\"(max-width: 400px) 100vw, 400px\" \/><\/p>\n<p>&nbsp;<\/p>\n<p data-start=\"187\" data-end=\"464\">2026 y\u0131l\u0131, perde ve g\u00fcne\u015f k\u0131r\u0131c\u0131 sistemlerde <strong data-start=\"232\" data-end=\"277\">teknoloji, minimalizm ve fonksiyonelli\u011fin<\/strong> \u00f6n plana \u00e7\u0131kt\u0131\u011f\u0131 bir y\u0131l olacak. Art\u0131k perdeler sadece dekorasyon \u00fcr\u00fcn\u00fc de\u011fil; <strong data-start=\"357\" data-end=\"433\">enerji tasarrufu sa\u011flayan, konforu art\u0131ran ve mekan\u0131n de\u011ferini y\u00fckselten<\/strong> bir yap\u0131 eleman\u0131 haline geldi.<\/p>\n<p data-start=\"466\" data-end=\"621\">\u00d6zellikle <strong data-start=\"476\" data-end=\"547\">ofisler, plazalar, oteller, hastaneler ve modern konut projelerinde<\/strong> perde se\u00e7imleri, mimari projenin ayr\u0131lmaz bir par\u00e7as\u0131 olarak planlan\u0131yor.<\/p>\n<p data-start=\"623\" data-end=\"822\">Bu yaz\u0131m\u0131zda 2026 y\u0131l\u0131nda <strong data-start=\"649\" data-end=\"696\">ev ve ofislerde \u00f6ne \u00e7\u0131kan perde trendlerini<\/strong>, hangi perde sistemlerinin daha \u00e7ok tercih edildi\u011fini ve projelerde neden bu \u00fcr\u00fcnlerin kullan\u0131ld\u0131\u011f\u0131n\u0131 detayl\u0131ca ele al\u0131yoruz.<\/p>\n<hr data-start=\"824\" data-end=\"827\" \/>\n<h2 data-start=\"829\" data-end=\"877\">1. Motorlu ve Ak\u0131ll\u0131 Perde Sistemleri Zirvede<\/h2>\n<p data-start=\"879\" data-end=\"956\">2026\u2019n\u0131n en g\u00fc\u00e7l\u00fc trendi hi\u00e7 \u015f\u00fcphesiz <strong data-start=\"917\" data-end=\"955\">motorlu ve ak\u0131ll\u0131 perde sistemleri<\/strong>.<\/p>\n<p data-start=\"958\" data-end=\"964\">Art\u0131k:<\/p>\n<ul data-start=\"965\" data-end=\"1177\">\n<li data-start=\"965\" data-end=\"991\">\n<p data-start=\"967\" data-end=\"991\">Tek tu\u015fla kontrol edilen<\/p>\n<\/li>\n<li data-start=\"992\" data-end=\"1043\">\n<p data-start=\"994\" data-end=\"1043\">Uzaktan kumanda veya mobil uygulama ile y\u00f6netilen<\/p>\n<\/li>\n<li data-start=\"1044\" data-end=\"1177\">\n<p data-start=\"1046\" data-end=\"1177\">Ak\u0131ll\u0131 bina otomasyon sistemlerine entegre edilebilen<br data-start=\"1099\" data-end=\"1102\" \/>perdeler, \u00f6zellikle <strong data-start=\"1122\" data-end=\"1154\">kurumsal projelerde standart<\/strong> haline gelmi\u015f durumda.<\/p>\n<\/li>\n<\/ul>\n<h3 data-start=\"1179\" data-end=\"1222\">Neden Motorlu Perdeler Tercih Ediliyor?<\/h3>\n<ul data-start=\"1224\" data-end=\"1468\">\n<li data-start=\"1224\" data-end=\"1273\">\n<p data-start=\"1226\" data-end=\"1273\">&#x2705; B\u00fcy\u00fck ve y\u00fcksek camlarda kullan\u0131m kolayl\u0131\u011f\u0131<\/p>\n<\/li>\n<li data-start=\"1274\" data-end=\"1318\">\n<p data-start=\"1276\" data-end=\"1318\">&#x2705; Uzun \u00f6m\u00fcrl\u00fc ve dengeli \u00e7al\u0131\u015fma sistemi<\/p>\n<\/li>\n<li data-start=\"1319\" data-end=\"1359\">\n<p data-start=\"1321\" data-end=\"1359\">&#x2705; Kullan\u0131c\u0131 hatalar\u0131n\u0131 minimize eder<\/p>\n<\/li>\n<li data-start=\"1360\" data-end=\"1403\">\n<p data-start=\"1362\" data-end=\"1403\">&#x2705; Prestijli ve modern bir g\u00f6r\u00fcn\u00fcm sunar<\/p>\n<\/li>\n<li data-start=\"1404\" data-end=\"1468\">\n<p data-start=\"1406\" data-end=\"1468\">&#x2705; Otel, plaza, AVM ve rezidans projeleri i\u00e7in vazge\u00e7ilmezdir<\/p>\n<\/li>\n<\/ul>\n<p data-start=\"1470\" data-end=\"1587\">2026\u2019da yeni yap\u0131lan bir\u00e7ok projede <strong data-start=\"1506\" data-end=\"1566\">manuel perde sistemleri yerine do\u011frudan motorlu \u00e7\u00f6z\u00fcmler<\/strong> tercih edilmektedir.<\/p>\n<hr data-start=\"1589\" data-end=\"1592\" \/>\n<h2 data-start=\"1594\" data-end=\"1648\">2. Screen ve G\u00fcne\u015f K\u0131r\u0131c\u0131 Teknik Kuma\u015flar \u00d6n Planda<\/h2>\n<p data-start=\"1650\" data-end=\"1741\">\u00d6zellikle ofisler ve ticari alanlarda <strong data-start=\"1688\" data-end=\"1723\">screen ve g\u00fcne\u015f k\u0131r\u0131c\u0131 kuma\u015flar<\/strong> b\u00fcy\u00fck y\u00fckseli\u015fte.<\/p>\n<p data-start=\"1743\" data-end=\"1755\">Bu kuma\u015flar:<\/p>\n<ul data-start=\"1756\" data-end=\"1902\">\n<li data-start=\"1756\" data-end=\"1804\">\n<p data-start=\"1758\" data-end=\"1804\">G\u00fcne\u015fi keserken ortam\u0131n kararmas\u0131n\u0131 engeller<\/p>\n<\/li>\n<li data-start=\"1805\" data-end=\"1836\">\n<p data-start=\"1807\" data-end=\"1836\">Ekran yans\u0131malar\u0131n\u0131 azalt\u0131r<\/p>\n<\/li>\n<li data-start=\"1837\" data-end=\"1860\">\n<p data-start=\"1839\" data-end=\"1860\">Is\u0131 kontrol\u00fc sa\u011flar<\/p>\n<\/li>\n<li data-start=\"1861\" data-end=\"1902\">\n<p data-start=\"1863\" data-end=\"1902\">Klima ve enerji maliyetlerini d\u00fc\u015f\u00fcr\u00fcr<\/p>\n<\/li>\n<\/ul>\n<h3 data-start=\"1904\" data-end=\"1931\">Nerelerde Kullan\u0131l\u0131yor?<\/h3>\n<ul data-start=\"1933\" data-end=\"2014\">\n<li data-start=\"1933\" data-end=\"1944\">\n<p data-start=\"1935\" data-end=\"1944\">Ofisler<\/p>\n<\/li>\n<li data-start=\"1945\" data-end=\"1957\">\n<p data-start=\"1947\" data-end=\"1957\">Plazalar<\/p>\n<\/li>\n<li data-start=\"1958\" data-end=\"1970\">\n<p data-start=\"1960\" data-end=\"1970\">Bankalar<\/p>\n<\/li>\n<li data-start=\"1971\" data-end=\"1985\">\n<p data-start=\"1973\" data-end=\"1985\">Hastaneler<\/p>\n<\/li>\n<li data-start=\"1986\" data-end=\"2014\">\n<p data-start=\"1988\" data-end=\"2014\">Okullar ve kamu binalar\u0131<\/p>\n<\/li>\n<\/ul>\n<p data-start=\"2016\" data-end=\"2104\">2026 trendlerinde <strong data-start=\"2034\" data-end=\"2082\">tam karartma yerine, kontroll\u00fc \u0131\u015f\u0131k y\u00f6netimi<\/strong> anlay\u0131\u015f\u0131 \u00f6ne \u00e7\u0131k\u0131yor.<\/p>\n<hr data-start=\"2106\" data-end=\"2109\" \/>\n<h2 data-start=\"2111\" data-end=\"2151\">3. Minimalist Tasar\u0131m ve Sade Renkler<\/h2>\n<p data-start=\"2153\" data-end=\"2181\">2026 dekorasyon anlay\u0131\u015f\u0131nda:<\/p>\n<ul data-start=\"2182\" data-end=\"2262\">\n<li data-start=\"2182\" data-end=\"2190\">\n<p data-start=\"2184\" data-end=\"2190\">&#x1f3a8; Gri<\/p>\n<\/li>\n<li data-start=\"2191\" data-end=\"2204\">\n<p data-start=\"2193\" data-end=\"2204\">&#x1f3a8; Antrasit<\/p>\n<\/li>\n<li data-start=\"2205\" data-end=\"2213\">\n<p data-start=\"2207\" data-end=\"2213\">&#x1f3a8; Bej<\/p>\n<\/li>\n<li data-start=\"2214\" data-end=\"2223\">\n<p data-start=\"2216\" data-end=\"2223\">&#x1f3a8; Krem<\/p>\n<\/li>\n<li data-start=\"2224\" data-end=\"2262\">\n<p data-start=\"2226\" data-end=\"2262\">&#x1f3a8; Siyah tonlar\u0131<br data-start=\"2242\" data-end=\"2245\" \/>\u00f6n planda olacak.<\/p>\n<\/li>\n<\/ul>\n<p data-start=\"2264\" data-end=\"2291\">G\u00f6steri\u015fli desenler yerine:<\/p>\n<ul data-start=\"2292\" data-end=\"2350\">\n<li data-start=\"2292\" data-end=\"2302\">\n<p data-start=\"2294\" data-end=\"2302\">D\u00fcz renk<\/p>\n<\/li>\n<li data-start=\"2303\" data-end=\"2309\">\n<p data-start=\"2305\" data-end=\"2309\">Sade<\/p>\n<\/li>\n<li data-start=\"2310\" data-end=\"2350\">\n<p data-start=\"2312\" data-end=\"2350\">Zamans\u0131z<br data-start=\"2320\" data-end=\"2323\" \/>tasar\u0131mlar tercih ediliyor.<\/p>\n<\/li>\n<\/ul>\n<p data-start=\"2352\" data-end=\"2374\">Bu yakla\u015f\u0131m \u00f6zellikle:<\/p>\n<ul data-start=\"2375\" data-end=\"2496\">\n<li data-start=\"2375\" data-end=\"2397\">\n<p data-start=\"2377\" data-end=\"2397\">Kurumsal ofislerde<\/p>\n<\/li>\n<li data-start=\"2398\" data-end=\"2419\">\n<p data-start=\"2400\" data-end=\"2419\">Otel projelerinde<\/p>\n<\/li>\n<li data-start=\"2420\" data-end=\"2496\">\n<p data-start=\"2422\" data-end=\"2496\">Modern konutlarda<br data-start=\"2439\" data-end=\"2442\" \/>\u00e7ok daha profesyonel ve prestijli bir g\u00f6r\u00fcn\u00fcm sunuyor.<\/p>\n<\/li>\n<\/ul>\n<hr data-start=\"2498\" data-end=\"2501\" \/>\n<h2 data-start=\"2503\" data-end=\"2562\">4. Stor ve Zebra Perdeler Modern Mekanlar\u0131n Vazge\u00e7ilmezi<\/h2>\n<p data-start=\"2564\" data-end=\"2580\">2026 y\u0131l\u0131nda da:<\/p>\n<ul data-start=\"2581\" data-end=\"2702\">\n<li data-start=\"2581\" data-end=\"2598\">\n<p data-start=\"2583\" data-end=\"2598\">Stor perdeler<\/p>\n<\/li>\n<li data-start=\"2599\" data-end=\"2702\">\n<p data-start=\"2601\" data-end=\"2702\">Zebra perdeler<br data-start=\"2615\" data-end=\"2618\" \/>hem ev hem ofis kullan\u0131m\u0131nda en \u00e7ok tercih edilen \u00fcr\u00fcn gruplar\u0131 aras\u0131nda yer al\u0131yor.<\/p>\n<\/li>\n<\/ul>\n<h3 data-start=\"2704\" data-end=\"2722\">Stor Perdeler:<\/h3>\n<ul data-start=\"2723\" data-end=\"2835\">\n<li data-start=\"2723\" data-end=\"2748\">\n<p data-start=\"2725\" data-end=\"2748\">Minimal ve sade g\u00f6r\u00fcn\u00fcm<\/p>\n<\/li>\n<li data-start=\"2749\" data-end=\"2765\">\n<p data-start=\"2751\" data-end=\"2765\">Kolay temizlik<\/p>\n<\/li>\n<li data-start=\"2766\" data-end=\"2808\">\n<p data-start=\"2768\" data-end=\"2808\">Screen, blackout ve g\u00fcne\u015flik se\u00e7enekleri<\/p>\n<\/li>\n<li data-start=\"2809\" data-end=\"2835\">\n<p data-start=\"2811\" data-end=\"2835\">Ofisler i\u00e7in ideal \u00e7\u00f6z\u00fcm<\/p>\n<\/li>\n<\/ul>\n<h3 data-start=\"2837\" data-end=\"2856\">Zebra Perdeler:<\/h3>\n<ul data-start=\"2857\" data-end=\"2974\">\n<li data-start=\"2857\" data-end=\"2882\">\n<p data-start=\"2859\" data-end=\"2882\">T\u00fcl + stor kombinasyonu<\/p>\n<\/li>\n<li data-start=\"2883\" data-end=\"2924\">\n<p data-start=\"2885\" data-end=\"2924\">I\u015f\u0131k ayar\u0131n\u0131 esnek \u015fekilde kontrol etme<\/p>\n<\/li>\n<li data-start=\"2925\" data-end=\"2974\">\n<p data-start=\"2927\" data-end=\"2974\">Evlerde ve y\u00f6netici ofislerinde \u015f\u0131k bir g\u00f6r\u00fcn\u00fcm<\/p>\n<\/li>\n<\/ul>\n<hr data-start=\"2976\" data-end=\"2979\" \/>\n<h2 data-start=\"2981\" data-end=\"3029\">5. Blackout Perdeler: Konforun Olmazsa Olmaz\u0131<\/h2>\n<p data-start=\"3031\" data-end=\"3135\">2026 projelerinde <strong data-start=\"3049\" data-end=\"3085\">blackout (tam karartma) perdeler<\/strong> \u00f6zellikle \u015fu alanlarda standart haline gelmi\u015ftir:<\/p>\n<ul data-start=\"3137\" data-end=\"3229\">\n<li data-start=\"3137\" data-end=\"3153\">\n<p data-start=\"3139\" data-end=\"3153\">Otel odalar\u0131<\/p>\n<\/li>\n<li data-start=\"3154\" data-end=\"3179\">\n<p data-start=\"3156\" data-end=\"3179\">Hastane hasta odalar\u0131<\/p>\n<\/li>\n<li data-start=\"3180\" data-end=\"3211\">\n<p data-start=\"3182\" data-end=\"3211\">Toplant\u0131 ve sunum salonlar\u0131<\/p>\n<\/li>\n<li data-start=\"3212\" data-end=\"3229\">\n<p data-start=\"3214\" data-end=\"3229\">Yatak odalar\u0131<\/p>\n<\/li>\n<\/ul>\n<p data-start=\"3231\" data-end=\"3249\">Blackout perdeler:<\/p>\n<ul data-start=\"3250\" data-end=\"3353\">\n<li data-start=\"3250\" data-end=\"3281\">\n<p data-start=\"3252\" data-end=\"3281\">&#x1f311; I\u015f\u0131\u011f\u0131 %100\u2019e yak\u0131n keser<\/p>\n<\/li>\n<li data-start=\"3282\" data-end=\"3317\">\n<p data-start=\"3284\" data-end=\"3317\">&#x1f321;&#xfe0f; Is\u0131 yal\u0131t\u0131m\u0131na katk\u0131 sa\u011flar<\/p>\n<\/li>\n<li data-start=\"3318\" data-end=\"3353\">\n<p data-start=\"3320\" data-end=\"3353\">&#x1f6cf;&#xfe0f; Konforlu bir kullan\u0131m sunar<\/p>\n<\/li>\n<\/ul>\n<hr data-start=\"3355\" data-end=\"3358\" \/>\n<h2 data-start=\"3360\" data-end=\"3414\">6. Projeye \u00d6zel \u00d6l\u00e7\u00fc ve Uygulama Trend Haline Geldi<\/h2>\n<p data-start=\"3416\" data-end=\"3443\">Art\u0131k haz\u0131r \u00fcr\u00fcnler yerine:<\/p>\n<blockquote data-start=\"3445\" data-end=\"3552\">\n<p data-start=\"3447\" data-end=\"3552\">&#x2705; Projeye \u00f6zel \u00f6l\u00e7\u00fc<br data-start=\"3466\" data-end=\"3469\" \/>&#x2705; Projeye \u00f6zel kuma\u015f<br data-start=\"3491\" data-end=\"3494\" \/>&#x2705; Projeye \u00f6zel mekanizma<br data-start=\"3520\" data-end=\"3523\" \/>&#x2705; Yerinde ke\u015fif ve montaj<\/p>\n<\/blockquote>\n<p data-start=\"3554\" data-end=\"3571\">\u00f6n plana \u00e7\u0131k\u0131yor.<\/p>\n<p data-start=\"3573\" data-end=\"3698\">\u00d6zellikle <strong data-start=\"3583\" data-end=\"3606\">kurumsal projelerde<\/strong>, mimar ve i\u00e7 mimarlarla birlikte planlanan <strong data-start=\"3650\" data-end=\"3681\">\u00f6zel \u00fcretim perde \u00e7\u00f6z\u00fcmleri<\/strong> tercih ediliyor.<\/p>\n<hr data-start=\"3700\" data-end=\"3703\" \/>\n<h2 data-start=\"3705\" data-end=\"3756\">7. S\u00fcrd\u00fcr\u00fclebilirlik ve Uzun \u00d6m\u00fcrl\u00fc \u00dcr\u00fcn Tercihi<\/h2>\n<p data-start=\"3758\" data-end=\"3776\">2026 trendlerinde:<\/p>\n<ul data-start=\"3777\" data-end=\"3892\">\n<li data-start=\"3777\" data-end=\"3808\">\n<p data-start=\"3779\" data-end=\"3808\">Daha dayan\u0131kl\u0131 mekanizmalar<\/p>\n<\/li>\n<li data-start=\"3809\" data-end=\"3835\">\n<p data-start=\"3811\" data-end=\"3835\">Daha kaliteli kuma\u015flar<\/p>\n<\/li>\n<li data-start=\"3836\" data-end=\"3892\">\n<p data-start=\"3838\" data-end=\"3892\">Daha uzun \u00f6m\u00fcrl\u00fc sistemler<br data-start=\"3864\" data-end=\"3867\" \/>\u00f6ncelikli hale gelmi\u015ftir.<\/p>\n<\/li>\n<\/ul>\n<p data-start=\"3894\" data-end=\"3907\">Bunun sebebi:<\/p>\n<ul data-start=\"3908\" data-end=\"4022\">\n<li data-start=\"3908\" data-end=\"3937\">\n<p data-start=\"3910\" data-end=\"3937\">Daha d\u00fc\u015f\u00fck bak\u0131m maliyeti<\/p>\n<\/li>\n<li data-start=\"3938\" data-end=\"3955\">\n<p data-start=\"3940\" data-end=\"3955\">Daha az ar\u0131za<\/p>\n<\/li>\n<li data-start=\"3956\" data-end=\"3985\">\n<p data-start=\"3958\" data-end=\"3985\">Daha uzun kullan\u0131m s\u00fcresi<\/p>\n<\/li>\n<li data-start=\"3986\" data-end=\"4022\">\n<p data-start=\"3988\" data-end=\"4022\">Daha d\u00fc\u015f\u00fck toplam proje maliyeti<\/p>\n<\/li>\n<\/ul>\n<hr data-start=\"4024\" data-end=\"4027\" \/>\n<h2 data-start=\"4029\" data-end=\"4070\">2026\u2019da Perde Art\u0131k Sadece Perde De\u011fil<\/h2>\n<p data-start=\"4072\" data-end=\"4091\">G\u00fcn\u00fcm\u00fczde perdeler:<\/p>\n<ul data-start=\"4093\" data-end=\"4200\">\n<li data-start=\"4093\" data-end=\"4115\">\n<p data-start=\"4095\" data-end=\"4115\">Bir <strong data-start=\"4099\" data-end=\"4115\">mimari \u00e7\u00f6z\u00fcm<\/strong><\/p>\n<\/li>\n<li data-start=\"4116\" data-end=\"4147\">\n<p data-start=\"4118\" data-end=\"4147\">Bir <strong data-start=\"4122\" data-end=\"4147\">enerji tasarruf arac\u0131<\/strong><\/p>\n<\/li>\n<li data-start=\"4148\" data-end=\"4200\">\n<p data-start=\"4150\" data-end=\"4200\">Bir <strong data-start=\"4154\" data-end=\"4182\">konfor ve prestij unsuru<\/strong><br \/>\nhaline gelmi\u015ftir.<\/p>\n<\/li>\n<\/ul>\n<hr data-start=\"4202\" data-end=\"4205\" \/>\n<h2 data-start=\"4207\" data-end=\"4270\">Kurumsalperde.com ile 2026 Trendlerine Uygun Proje \u00c7\u00f6z\u00fcmleri<\/h2>\n<p data-start=\"4272\" data-end=\"4297\">Kurumsalperde.com olarak:<\/p>\n<ul data-start=\"4299\" data-end=\"4379\">\n<li data-start=\"4299\" data-end=\"4310\">\n<p data-start=\"4301\" data-end=\"4310\">&#x1f3e2; Ofis<\/p>\n<\/li>\n<li data-start=\"4311\" data-end=\"4322\">\n<p data-start=\"4313\" data-end=\"4322\">&#x1f3e8; Otel<\/p>\n<\/li>\n<li data-start=\"4323\" data-end=\"4337\">\n<p data-start=\"4325\" data-end=\"4337\">&#x1f3e5; Hastane<\/p>\n<\/li>\n<li data-start=\"4338\" data-end=\"4349\">\n<p data-start=\"4340\" data-end=\"4349\">&#x1f3eb; Okul<\/p>\n<\/li>\n<li data-start=\"4350\" data-end=\"4379\">\n<p data-start=\"4352\" data-end=\"4379\">&#x1f3ec; AVM ve ticari projeler<\/p>\n<\/li>\n<\/ul>\n<p data-start=\"4381\" data-end=\"4386\">i\u00e7in:<\/p>\n<blockquote data-start=\"4388\" data-end=\"4512\">\n<p data-start=\"4390\" data-end=\"4512\">&#x2714;&#xfe0f; Motorlu perde sistemleri<br data-start=\"4417\" data-end=\"4420\" \/>&#x2714;&#xfe0f; Screen ve blackout \u00e7\u00f6z\u00fcmler<br data-start=\"4452\" data-end=\"4455\" \/>&#x2714;&#xfe0f; Projeye \u00f6zel \u00fcretim<br data-start=\"4479\" data-end=\"4482\" \/>&#x2714;&#xfe0f; Yerinde ke\u015fif ve montaj<\/p>\n<\/blockquote>\n<p data-start=\"4514\" data-end=\"4535\">hizmetleri sunuyoruz.<\/p>\n<hr data-start=\"4537\" data-end=\"4540\" \/>\n<h2 data-start=\"4542\" data-end=\"4550\">Sonu\u00e7<\/h2>\n<p data-start=\"4552\" data-end=\"4581\">2026 y\u0131l\u0131nda perde se\u00e7iminde:<\/p>\n<blockquote data-start=\"4583\" data-end=\"4677\">\n<p data-start=\"4585\" data-end=\"4677\">&#x2705; Teknoloji<br data-start=\"4596\" data-end=\"4599\" \/>&#x2705; Minimalizm<br data-start=\"4613\" data-end=\"4616\" \/>&#x2705; Fonksiyonellik<br data-start=\"4634\" data-end=\"4637\" \/>&#x2705; Uzun \u00f6m\u00fcr<br data-start=\"4650\" data-end=\"4653\" \/>&#x2705; Enerji verimlili\u011fi<\/p>\n<\/blockquote>\n<p data-start=\"4679\" data-end=\"4696\">\u00f6n planda olacak.<\/p>\n<p data-start=\"4698\" data-end=\"4865\">E\u011fer yeni bir proje planl\u0131yorsan\u0131z, <strong data-start=\"4734\" data-end=\"4790\">perdeyi en ba\u015ftan mimari projenin bir par\u00e7as\u0131 olarak<\/strong> d\u00fc\u015f\u00fcnmeniz, hem estetik hem maliyet a\u00e7\u0131s\u0131ndan b\u00fcy\u00fck avantaj sa\u011flayacakt\u0131r.<\/p>","protected":false},"excerpt":{"rendered":"<p>2026 y\u0131l\u0131nda perde sekt\u00f6r\u00fcnde minimalizm, otomasyon ve teknik kuma\u015flar \u00f6n planda. 2026\u2019n\u0131n \u00d6ne \u00c7\u0131kan Trendleri &#x1f916; Motorlu ve ak\u0131ll\u0131 perdeler &#x1fa9f; Screen ve g\u00fcne\u015f k\u0131r\u0131c\u0131 kuma\u015flar &#x1f3a8; Sade renkler (gri, antrasit, bej) &#x1f3e2; Ofislerde teknik perdeler &#x1f3e1; Evlerde zebra ve modern storlar Kurumsal projelerde art\u0131k \u015f\u0131k g\u00f6r\u00fcn\u00fcm + teknik performans birlikte aran\u0131yor. &nbsp; 2026 y\u0131l\u0131, [&hellip;]<\/p>\n","protected":false},"author":1,"featured_media":2685,"comment_status":"open","ping_status":"open","sticky":false,"template":"","format":"standard","meta":{"ocean_post_layout":"","ocean_both_sidebars_style":"","ocean_both_sidebars_content_width":0,"ocean_both_sidebars_sidebars_width":0,"ocean_sidebar":"0","ocean_second_sidebar":"0","ocean_disable_margins":"enable","ocean_add_body_class":"","ocean_shortcode_before_top_bar":"","ocean_shortcode_after_top_bar":"","ocean_shortcode_before_header":"","ocean_shortcode_after_header":"","ocean_has_shortcode":"","ocean_shortcode_after_title":"","ocean_shortcode_before_footer_widgets":"","ocean_shortcode_after_footer_widgets":"","ocean_shortcode_before_footer_bottom":"","ocean_shortcode_after_footer_bottom":"","ocean_display_top_bar":"default","ocean_display_header":"default","ocean_header_style":"","ocean_center_header_left_menu":"0","ocean_custom_header_template":"0","ocean_custom_logo":0,"ocean_custom_retina_logo":0,"ocean_custom_logo_max_width":0,"ocean_custom_logo_tablet_max_width":0,"ocean_custom_logo_mobile_max_width":0,"ocean_custom_logo_max_height":0,"ocean_custom_logo_tablet_max_height":0,"ocean_custom_logo_mobile_max_height":0,"ocean_header_custom_menu":"0","ocean_menu_typo_font_family":"0","ocean_menu_typo_font_subset":"","ocean_menu_typo_font_size":0,"ocean_menu_typo_font_size_tablet":0,"ocean_menu_typo_font_size_mobile":0,"ocean_menu_typo_font_size_unit":"px","ocean_menu_typo_font_weight":"","ocean_menu_typo_font_weight_tablet":"","ocean_menu_typo_font_weight_mobile":"","ocean_menu_typo_transform":"","ocean_menu_typo_transform_tablet":"","ocean_menu_typo_transform_mobile":"","ocean_menu_typo_line_height":0,"ocean_menu_typo_line_height_tablet":0,"ocean_menu_typo_line_height_mobile":0,"ocean_menu_typo_line_height_unit":"","ocean_menu_typo_spacing":0,"ocean_menu_typo_spacing_tablet":0,"ocean_menu_typo_spacing_mobile":0,"ocean_menu_typo_spacing_unit":"","ocean_menu_link_color":"","ocean_menu_link_color_hover":"","ocean_menu_link_color_active":"","ocean_menu_link_background":"","ocean_menu_link_hover_background":"","ocean_menu_link_active_background":"","ocean_menu_social_links_bg":"","ocean_menu_social_hover_links_bg":"","ocean_menu_social_links_color":"","ocean_menu_social_hover_links_color":"","ocean_disable_title":"default","ocean_disable_heading":"default","ocean_post_title":"","ocean_post_subheading":"","ocean_post_title_style":"","ocean_post_title_background_color":"","ocean_post_title_background":0,"ocean_post_title_bg_image_position":"","ocean_post_title_bg_image_attachment":"","ocean_post_title_bg_image_repeat":"","ocean_post_title_bg_image_size":"","ocean_post_title_height":0,"ocean_post_title_bg_overlay":0.5,"ocean_post_title_bg_overlay_color":"","ocean_disable_breadcrumbs":"default","ocean_breadcrumbs_color":"","ocean_breadcrumbs_separator_color":"","ocean_breadcrumbs_links_color":"","ocean_breadcrumbs_links_hover_color":"","ocean_display_footer_widgets":"default","ocean_display_footer_bottom":"default","ocean_custom_footer_template":"0","ocean_post_oembed":"","ocean_post_self_hosted_media":"","ocean_post_video_embed":"","ocean_link_format":"","ocean_link_format_target":"self","ocean_quote_format":"","ocean_quote_format_link":"post","ocean_gallery_link_images":"on","ocean_gallery_id":[3078,2731,2675],"footnotes":""},"categories":[99,100,96,101],"tags":[],"class_list":["post-3487","post","type-post","status-publish","format-standard","has-post-thumbnail","hentry","category-trendler-tasarim-onerileri","category-motorlu-ve-akilli-sistemler","category-perde-secim-rehberi","category-sektorel-cozumler","entry","has-media"],"_links":{"self":[{"href":"https:\/\/www.kurumsalperde.com.tr\/en\/wp-json\/wp\/v2\/posts\/3487","targetHints":{"allow":["GET"]}}],"collection":[{"href":"https:\/\/www.kurumsalperde.com.tr\/en\/wp-json\/wp\/v2\/posts"}],"about":[{"href":"https:\/\/www.kurumsalperde.com.tr\/en\/wp-json\/wp\/v2\/types\/post"}],"author":[{"embeddable":true,"href":"https:\/\/www.kurumsalperde.com.tr\/en\/wp-json\/wp\/v2\/users\/1"}],"replies":[{"embeddable":true,"href":"https:\/\/www.kurumsalperde.com.tr\/en\/wp-json\/wp\/v2\/comments?post=3487"}],"version-history":[{"count":1,"href":"https:\/\/www.kurumsalperde.com.tr\/en\/wp-json\/wp\/v2\/posts\/3487\/revisions"}],"predecessor-version":[{"id":3488,"href":"https:\/\/www.kurumsalperde.com.tr\/en\/wp-json\/wp\/v2\/posts\/3487\/revisions\/3488"}],"wp:featuredmedia":[{"embeddable":true,"href":"https:\/\/www.kurumsalperde.com.tr\/en\/wp-json\/wp\/v2\/media\/2685"}],"wp:attachment":[{"href":"https:\/\/www.kurumsalperde.com.tr\/en\/wp-json\/wp\/v2\/media?parent=3487"}],"wp:term":[{"taxonomy":"category","embeddable":true,"href":"https:\/\/www.kurumsalperde.com.tr\/en\/wp-json\/wp\/v2\/categories?post=3487"},{"taxonomy":"post_tag","embeddable":true,"href":"https:\/\/www.kurumsalperde.com.tr\/en\/wp-json\/wp\/v2\/tags?post=3487"}],"curies":[{"name":"wp","href":"https:\/\/api.w.org\/{rel}","templated":true}]}}